{"id":153,"date":"2023-06-21T19:29:40","date_gmt":"2023-06-21T19:29:40","guid":{"rendered":"https:\/\/fundacionvalores.org\/?p=153"},"modified":"2023-06-21T19:35:22","modified_gmt":"2023-06-21T19:35:22","slug":"conoce-fundacion-valores","status":"publish","type":"post","link":"https:\/\/fundacionvalores.org\/index.php\/2023\/06\/21\/conoce-fundacion-valores\/","title":{"rendered":"Conoce Fundaci\u00f3n Valores"},"content":{"rendered":"\n<p class=\"has-medium-font-size\"><br>Queremos compartir contigo informaci\u00f3n acerca de <strong>Fundaci\u00f3n Valores<\/strong>, una<br>organizaci\u00f3n que naci\u00f3 con el objetivo de apoyar la educaci\u00f3n de los hijos de<br>nuestros colaboradores, y que ha evolucionado hasta convertirse en una<br>instituci\u00f3n comprometida con la transformaci\u00f3n social de nuestro pa\u00eds.<\/p>\n\n\n\n<figure class=\"wp-block-image size-full\"><img loading=\"lazy\" decoding=\"async\" width=\"728\" height=\"90\" src=\"https:\/\/fundacionvalores.org\/wp-content\/uploads\/2023\/06\/Banner-Fundacion.gif\" alt=\"Banner Animado Fundaci\u00f3n Valores\" class=\"wp-image-149\" \/><\/figure>\n\n\n\n<p class=\"has-medium-font-size\"><br><strong>Fundaci\u00f3n Valores<\/strong> es el resultado de la evoluci\u00f3n de Fundaci\u00f3n COEX, que se<br>formaliz\u00f3 en el a\u00f1o 2013, aunque desde el 2007 ya se apoyaba el programa de<br>becas para los hijos de nuestros colaboradores. En el 2020 decidimos cambiar<br>nuestro nombre y enfocarnos en la promoci\u00f3n de valores que fomenten la<br>educaci\u00f3n integral de los ni\u00f1os y j\u00f3venes salvadore\u00f1os, independientemente<br>del rubro en el que estemos colaborando dentro del Grupo Valores o en<br>empresas relacionadas.<\/p>\n\n\n\n<p class=\"has-medium-font-size\"><br>Nos enorgullece ser una fundaci\u00f3n apol\u00edtica, no religiosa y sin fines de lucro,<br>comprometida con la responsabilidad, la solidaridad, la empat\u00eda, el respeto y el<br>esfuerzo de todos los actores involucrados en nuestra tr\u00edada: <strong>Fundaci\u00f3n, Ni\u00f1ez<br>Salvadore\u00f1a, Benefactores<\/strong>.<\/p>\n\n\n\n<p class=\"has-medium-font-size\"><br>Desde nuestra creaci\u00f3n, hemos acompa\u00f1ado en su desarrollo educativo a m\u00e1s<br>de dos mil ni\u00f1os, muchos de los cuales han logrado convertirse en profesionales<br>exitosos y comprometidos con el bienestar de sus comunidades. Creemos que<br>un ni\u00f1o con educaci\u00f3n puede cambiar la vida de su familia y, con esta visi\u00f3n en<br>mente, nos esforzamos por llevar las mismas oportunidades a todos los ni\u00f1os y<br>j\u00f3venes de nuestro pa\u00eds.<\/p>\n\n\n\n<p class=\"has-medium-font-size\"><br>En <strong>Fundaci\u00f3n Valores<\/strong>, nuestra tarea consiste en trabajar junto a nuestros aliados<br>para transformar nuestro pa\u00eds, ofreciendo acceso a educaci\u00f3n integral a cada<br>ni\u00f1o y joven salvadore\u00f1o. Sabemos que el camino no es f\u00e1cil, pero estamos<br>comprometidos con el crecimiento y la continuidad de nuestra fundaci\u00f3n, para<br>beneficio de todas las familias salvadore\u00f1as.<\/p>\n\n\n\n<p class=\"has-medium-font-size\"><br>Si deseas conocer m\u00e1s sobre nuestra labor, <a rel=\"noreferrer noopener\" href=\"https:\/\/fundacionvalores.org\/index.php\/contactanos\/\" data-type=\"page\" data-id=\"102\" target=\"_blank\"><strong>no dudes en contactarnos<\/strong><\/a><\/p>\n","protected":false},"excerpt":{"rendered":"<p>Queremos compartir contigo informaci\u00f3n acerca de Fundaci\u00f3n Valores, unaorganizaci\u00f3n que naci\u00f3 con el objetivo de apoyar la educaci\u00f3n de los hijos denuestros colaboradores, y que ha evolucionado hasta convertirse en unainstituci\u00f3n comprometida con la transformaci\u00f3n social de nuestro pa\u00eds. Fundaci\u00f3n Valores es el resultado de la evoluci\u00f3n de Fundaci\u00f3n COEX, que seformaliz\u00f3 en el a\u00f1o [&hellip;]<\/p>\n","protected":false},"author":3,"featured_media":150,"comment_status":"closed","ping_status":"closed","sticky":false,"template":"","format":"standard","meta":{"_et_pb_use_builder":"off","_et_pb_old_content":"","_et_gb_content_width":"795","footnotes":""},"categories":[1],"tags":[],"class_list":["post-153","post","type-post","status-publish","format-standard","has-post-thumbnail","hentry","category-uncategorized"],"_links":{"self":[{"href":"https:\/\/fundacionvalores.org\/index.php\/wp-json\/wp\/v2\/posts\/153","targetHints":{"allow":["GET"]}}],"collection":[{"href":"https:\/\/fundacionvalores.org\/index.php\/wp-json\/wp\/v2\/posts"}],"about":[{"href":"https:\/\/fundacionvalores.org\/index.php\/wp-json\/wp\/v2\/types\/post"}],"author":[{"embeddable":true,"href":"https:\/\/fundacionvalores.org\/index.php\/wp-json\/wp\/v2\/users\/3"}],"replies":[{"embeddable":true,"href":"https:\/\/fundacionvalores.org\/index.php\/wp-json\/wp\/v2\/comments?post=153"}],"version-history":[{"count":4,"href":"https:\/\/fundacionvalores.org\/index.php\/wp-json\/wp\/v2\/posts\/153\/revisions"}],"predecessor-version":[{"id":161,"href":"https:\/\/fundacionvalores.org\/index.php\/wp-json\/wp\/v2\/posts\/153\/revisions\/161"}],"wp:featuredmedia":[{"embeddable":true,"href":"https:\/\/fundacionvalores.org\/index.php\/wp-json\/wp\/v2\/media\/150"}],"wp:attachment":[{"href":"https:\/\/fundacionvalores.org\/index.php\/wp-json\/wp\/v2\/media?parent=153"}],"wp:term":[{"taxonomy":"category","embeddable":true,"href":"https:\/\/fundacionvalores.org\/index.php\/wp-json\/wp\/v2\/categories?post=153"},{"taxonomy":"post_tag","embeddable":true,"href":"https:\/\/fundacionvalores.org\/index.php\/wp-json\/wp\/v2\/tags?post=153"}],"curies":[{"name":"wp","href":"https:\/\/api.w.org\/{rel}","templated":true}]}}