{"id":366,"date":"2024-01-09T16:11:00","date_gmt":"2024-01-09T16:11:00","guid":{"rendered":"https:\/\/fundacionvalores.org\/?p=366"},"modified":"2024-01-09T16:11:00","modified_gmt":"2024-01-09T16:11:00","slug":"un-nuevo-ano-un-nuevo-capitulo","status":"publish","type":"post","link":"https:\/\/fundacionvalores.org\/index.php\/2024\/01\/09\/un-nuevo-ano-un-nuevo-capitulo\/","title":{"rendered":"Un nuevo a\u00f1o, un nuevo cap\u00edtulo!"},"content":{"rendered":"<p>[et_pb_section fb_built=\u00bb1&#8243; theme_builder_area=\u00bbpost_content\u00bb _builder_version=\u00bb4.23&#8243; _module_preset=\u00bbdefault\u00bb][et_pb_row _builder_version=\u00bb4.23&#8243; _module_preset=\u00bbdefault\u00bb column_structure=\u00bb1_2,1_2&#8243; theme_builder_area=\u00bbpost_content\u00bb][et_pb_column _builder_version=\u00bb4.23&#8243; _module_preset=\u00bbdefault\u00bb type=\u00bb1_2&#8243; theme_builder_area=\u00bbpost_content\u00bb][et_pb_text _builder_version=\u00bb4.23&#8243; _module_preset=\u00bbdefault\u00bb theme_builder_area=\u00bbpost_content\u00bb hover_enabled=\u00bb0&#8243; sticky_enabled=\u00bb0&#8243;]<\/p>\n<p><span style=\"font-size: 14px\">En el reino del tiempo hay un cambio m\u00e1gico que ocurre al final de cada a\u00f1o. Nos sumergimos en reflexiones profundas, tejemos sue\u00f1os y forjamos resoluciones. En este reino del tiempo, el reloj avanza y, al igual que las manecillas, las expectativas se alinean con el comienzo de un nuevo a\u00f1o.<\/span><\/p>\n<p>Ese m\u00e1gico cambio\u00a0 se filtra en las aulas y pasillos silenciosos de la escuela. Es el momento del renacimiento acad\u00e9mico, el inicio de un cap\u00edtulo educativo lleno de oportunidades esperando ser descubiertas.<\/p>\n<p>En el primer d\u00eda del a\u00f1o, todos compartiremos nuestras resoluciones personales. Pero entre la multitud, alg\u00fan estudiante habr\u00e1 decidido que este ser\u00e1 el a\u00f1o de la transformaci\u00f3n acad\u00e9mica. Ha establecido metas claras: mejorar las calificaciones, participar activamente en clase y explorar nuevos horizontes de conocimiento.<\/p>\n<p>El reloj marca el inicio del a\u00f1o escolar, y con \u00e9l, llega un aire fresco de renovaci\u00f3n. Nuestro estudiante protagonista decidi\u00f3 que este ser\u00eda su borr\u00f3n y cuenta nueva. Dej\u00f3 atr\u00e1s los fracasos del pasado y abraz\u00f3 el poder de un nuevo comienzo. Las p\u00e1ginas en blanco del cuaderno ser\u00e1n\u00a0 testigos de su compromiso con la superaci\u00f3n.<\/p>\n<p>Con la mochila llena de libros y sue\u00f1os, nuestro h\u00e9roe se adentra en la trama educativa con un plan maestro. Sabe que la planificaci\u00f3n y la organizaci\u00f3n son las llaves para desbloquear el potencial acad\u00e9mico. As\u00ed como organiza sus metas para el a\u00f1o, tambi\u00e9n estructura su tiempo de estudio con maestr\u00eda.<\/p>\n<p>&nbsp;<\/p>\n<p>[\/et_pb_text][\/et_pb_column][et_pb_column _builder_version=\u00bb4.23&#8243; _module_preset=\u00bbdefault\u00bb type=\u00bb1_2&#8243; theme_builder_area=\u00bbpost_content\u00bb][et_pb_text _builder_version=\u00bb4.23&#8243; _module_preset=\u00bbdefault\u00bb theme_builder_area=\u00bbpost_content\u00bb]<\/p>\n<p>&nbsp;<\/p>\n<p>El camino no siempre ser\u00e1 f\u00e1cil. Habr\u00e1 desaf\u00edos y pruebas, pero nuestro estudiante recuerda que el poder de la persistencia es una fuerza imparable. Cada obst\u00e1culo ser\u00e1 una lecci\u00f3n, cada dificultad un cap\u00edtulo m\u00e1s en su historia educativa. Mantendr\u00e1 viva la actitud positiva del inicio del a\u00f1o, enfrentando los retos con resiliencia.<strong><\/strong><\/p>\n<p>A medida que avance el a\u00f1o escolar, nuestro protagonista cosechar\u00e1 los frutos de su esfuerzo. Lograr\u00e1 un buen desempe\u00f1o en ex\u00e1menes, completar\u00e1 proyectos desafiantes y alcanzar\u00e1 metas que alguna vez parec\u00edan inalcanzables. Cada logro ser\u00e1 una victoria que merezca ser celebrada, una p\u00e1gina dorada en su libro educativo.<\/p>\n<p>En el ep\u00edlogo de esta historia, nuestro estudiante comprende que la conexi\u00f3n entre el inicio del a\u00f1o nuevo y el a\u00f1o escolar es m\u00e1s profunda de lo que imaginaba. Ambos representaban oportunidades para el crecimiento personal y la b\u00fasqueda de la excelencia. As\u00ed, con resoluciones cumplidas y p\u00e1ginas llenas de experiencias, nuestro h\u00e9roe cerrar\u00e1 el libro del a\u00f1o escolar con la certeza de que cada cap\u00edtulo ha sido una aventura \u00fanica y valiosa.<\/p>\n<p>\u00a1Que este cuento inspire a todos a escribir sus propias historias de \u00e9xito acad\u00e9mico en el pr\u00f3ximo a\u00f1o escolar!<\/p>\n<p>&nbsp;<\/p>\n<p>&nbsp;<\/p>\n<p>El vuelo continua!!!!<\/p>\n<p>[\/et_pb_text][\/et_pb_column][\/et_pb_row][\/et_pb_section]<\/p>\n","protected":false},"excerpt":{"rendered":"<p>En el reino del tiempo hay un cambio m\u00e1gico que ocurre al final de cada a\u00f1o. Nos sumergimos en reflexiones profundas, tejemos sue\u00f1os y forjamos resoluciones. En este reino del tiempo, el reloj avanza y, al igual que las manecillas, las expectativas se alinean con el comienzo de un nuevo a\u00f1o. Ese m\u00e1gico cambio\u00a0 se [&hellip;]<\/p>\n","protected":false},"author":3,"featured_media":326,"comment_status":"closed","ping_status":"closed","sticky":false,"template":"","format":"standard","meta":{"_et_pb_use_builder":"on","_et_pb_old_content":"","_et_gb_content_width":"","footnotes":""},"categories":[11],"tags":[29,6,30],"class_list":["post-366","post","type-post","status-publish","format-standard","has-post-thumbnail","hentry","category-educacion","tag-crecimiento","tag-educacion","tag-metas"],"_links":{"self":[{"href":"https:\/\/fundacionvalores.org\/index.php\/wp-json\/wp\/v2\/posts\/366","targetHints":{"allow":["GET"]}}],"collection":[{"href":"https:\/\/fundacionvalores.org\/index.php\/wp-json\/wp\/v2\/posts"}],"about":[{"href":"https:\/\/fundacionvalores.org\/index.php\/wp-json\/wp\/v2\/types\/post"}],"author":[{"embeddable":true,"href":"https:\/\/fundacionvalores.org\/index.php\/wp-json\/wp\/v2\/users\/3"}],"replies":[{"embeddable":true,"href":"https:\/\/fundacionvalores.org\/index.php\/wp-json\/wp\/v2\/comments?post=366"}],"version-history":[{"count":3,"href":"https:\/\/fundacionvalores.org\/index.php\/wp-json\/wp\/v2\/posts\/366\/revisions"}],"predecessor-version":[{"id":371,"href":"https:\/\/fundacionvalores.org\/index.php\/wp-json\/wp\/v2\/posts\/366\/revisions\/371"}],"wp:featuredmedia":[{"embeddable":true,"href":"https:\/\/fundacionvalores.org\/index.php\/wp-json\/wp\/v2\/media\/326"}],"wp:attachment":[{"href":"https:\/\/fundacionvalores.org\/index.php\/wp-json\/wp\/v2\/media?parent=366"}],"wp:term":[{"taxonomy":"category","embeddable":true,"href":"https:\/\/fundacionvalores.org\/index.php\/wp-json\/wp\/v2\/categories?post=366"},{"taxonomy":"post_tag","embeddable":true,"href":"https:\/\/fundacionvalores.org\/index.php\/wp-json\/wp\/v2\/tags?post=366"}],"curies":[{"name":"wp","href":"https:\/\/api.w.org\/{rel}","templated":true}]}}