{"id":373,"date":"2024-01-22T16:12:53","date_gmt":"2024-01-22T16:12:53","guid":{"rendered":"https:\/\/fundacionvalores.org\/?p=373"},"modified":"2024-01-22T16:12:53","modified_gmt":"2024-01-22T16:12:53","slug":"venciendo-el-blue-monday","status":"publish","type":"post","link":"https:\/\/fundacionvalores.org\/index.php\/2024\/01\/22\/venciendo-el-blue-monday\/","title":{"rendered":"Venciendo el \u00abBlue Monday\u00bb"},"content":{"rendered":"<p>[et_pb_section fb_built=\u00bb1&#8243; _builder_version=\u00bb4.23&#8243; _module_preset=\u00bbdefault\u00bb global_colors_info=\u00bb{}\u00bb][et_pb_row column_structure=\u00bb1_2,1_2&#8243; _builder_version=\u00bb4.23&#8243; _module_preset=\u00bbdefault\u00bb global_colors_info=\u00bb{}\u00bb][et_pb_column type=\u00bb1_2&#8243; _builder_version=\u00bb4.23&#8243; _module_preset=\u00bbdefault\u00bb global_colors_info=\u00bb{}\u00bb][et_pb_text _builder_version=\u00bb4.23&#8243; _module_preset=\u00bbdefault\u00bb global_colors_info=\u00bb{}\u00bb]<\/p>\n<p>Hay un d\u00eda en el calendario que lleva consigo una sombra m\u00e1s oscura que el resto. Se le llamaba \u00abBlue Monday\u00bb\u00a0 \u00a0 \u00a0 ( Lunes Azul) el tercer lunes de enero, conocido por ser el d\u00eda m\u00e1s deprimente del a\u00f1o. Sin embargo, en medio de las nubes grises, se tej\u00eda una historia de superaci\u00f3n y resiliencia.<\/p>\n<p>Imagina a Ana, una mujer enfrentando un d\u00eda laboral agotador y las presiones cotidianas. Con el Blue Monday acechando, Ana decidi\u00f3 cambiar su perspectiva. Record\u00f3 que las nubes no son eternas y que detr\u00e1s de ellas siempre hay un sol dispuesto a brillar.<\/p>\n<p>Al llegar a su trabajo, Ana comparti\u00f3 sonrisas y palabras amables con sus colegas. Se dio cuenta de que la conexi\u00f3n humana pod\u00eda ser un ant\u00eddoto poderoso contra la melancol\u00eda. Juntos, formaron un equipo comprometido en convertir el Blue Monday en una jornada llena de positividad.<\/p>\n<p>Durante el almuerzo, Ana decidi\u00f3 tomar un respiro y salir a disfrutar del aire fresco. Inspirada por la naturaleza que la rodeaba, se record\u00f3 a s\u00ed misma que la belleza del mundo puede ser un b\u00e1lsamo para el alma. Se propuso encontrar peque\u00f1as alegr\u00edas en medio de la rutina.<\/p>\n<p>&nbsp;<\/p>\n<p>\u00a0Por la tarde, Ana se permiti\u00f3 un momento de reflexi\u00f3n. Reconoci\u00f3 que el Blue Monday no dictaba su estado de \u00e1nimo; <strong>era ella quien ten\u00eda el poder de transformar ese d\u00eda en una oportunidad para crecer<\/strong>. Se propuso metas alcanzables y se comprometi\u00f3 a cultivar un ambiente positivo a su alrededor.<\/p>\n<p>[\/et_pb_text][\/et_pb_column][et_pb_column type=\u00bb1_2&#8243; _builder_version=\u00bb4.23&#8243; _module_preset=\u00bbdefault\u00bb global_colors_info=\u00bb{}\u00bb][et_pb_text _builder_version=\u00bb4.23&#8243; _module_preset=\u00bbdefault\u00bb global_colors_info=\u00bb{}\u00bb]<\/p>\n<p>\u00a0Al final del d\u00eda, Ana se dio cuenta de que hab\u00eda desafiado con \u00e9xito la noci\u00f3n del Blue Monday. Su historia demuestra que, incluso en los d\u00edas m\u00e1s dif\u00edciles, podemos encontrar fuerza en nosotros mismos y en la comunidad que nos rodea.\u00a0<\/p>\n<p>&nbsp;<\/p>\n<p>As\u00ed que, querido lector, la pr\u00f3xima vez que enfrentes el Blue Monday, recuerda la historia de Ana. Con resiliencia, amabilidad y una perspectiva positiva, puedes convertir cualquier d\u00eda gris en una obra maestra llena de colores vibrantes. \u00a1Adelante, desaf\u00eda las nubes y deja que tu luz interior ilumine el camino!<\/p>\n<p>&nbsp;<\/p>\n<p>\u00a0El vuelo continua!!!!<\/p>\n<p>&nbsp;<\/p>\n<p>&nbsp;<\/p>\n<p>[\/et_pb_text][et_pb_image src=\u00bbhttps:\/\/fundacionvalores.org\/wp-content\/uploads\/2024\/01\/pexels-andrea-piacquadio-3756168-scaled.jpg\u00bb title_text=\u00bbpexels-andrea-piacquadio-3756168&#8243; _builder_version=\u00bb4.23&#8243; _module_preset=\u00bbdefault\u00bb global_colors_info=\u00bb{}\u00bb][\/et_pb_image][\/et_pb_column][\/et_pb_row][\/et_pb_section]<\/p>\n","protected":false},"excerpt":{"rendered":"<p>Hay un d\u00eda en el calendario que lleva consigo una sombra m\u00e1s oscura que el resto. Se le llamaba \u00abBlue Monday\u00bb\u00a0 \u00a0 \u00a0 ( Lunes Azul) el tercer lunes de enero, conocido por ser el d\u00eda m\u00e1s deprimente del a\u00f1o. Sin embargo, en medio de las nubes grises, se tej\u00eda una historia de superaci\u00f3n y [&hellip;]<\/p>\n","protected":false},"author":3,"featured_media":376,"comment_status":"closed","ping_status":"closed","sticky":false,"template":"","format":"standard","meta":{"_et_pb_use_builder":"on","_et_pb_old_content":"","_et_gb_content_width":"","footnotes":""},"categories":[12],"tags":[29,28,31],"class_list":["post-373","post","type-post","status-publish","format-standard","has-post-thumbnail","hentry","category-salud","tag-crecimiento","tag-paz","tag-resiliencia"],"_links":{"self":[{"href":"https:\/\/fundacionvalores.org\/index.php\/wp-json\/wp\/v2\/posts\/373","targetHints":{"allow":["GET"]}}],"collection":[{"href":"https:\/\/fundacionvalores.org\/index.php\/wp-json\/wp\/v2\/posts"}],"about":[{"href":"https:\/\/fundacionvalores.org\/index.php\/wp-json\/wp\/v2\/types\/post"}],"author":[{"embeddable":true,"href":"https:\/\/fundacionvalores.org\/index.php\/wp-json\/wp\/v2\/users\/3"}],"replies":[{"embeddable":true,"href":"https:\/\/fundacionvalores.org\/index.php\/wp-json\/wp\/v2\/comments?post=373"}],"version-history":[{"count":6,"href":"https:\/\/fundacionvalores.org\/index.php\/wp-json\/wp\/v2\/posts\/373\/revisions"}],"predecessor-version":[{"id":384,"href":"https:\/\/fundacionvalores.org\/index.php\/wp-json\/wp\/v2\/posts\/373\/revisions\/384"}],"wp:featuredmedia":[{"embeddable":true,"href":"https:\/\/fundacionvalores.org\/index.php\/wp-json\/wp\/v2\/media\/376"}],"wp:attachment":[{"href":"https:\/\/fundacionvalores.org\/index.php\/wp-json\/wp\/v2\/media?parent=373"}],"wp:term":[{"taxonomy":"category","embeddable":true,"href":"https:\/\/fundacionvalores.org\/index.php\/wp-json\/wp\/v2\/categories?post=373"},{"taxonomy":"post_tag","embeddable":true,"href":"https:\/\/fundacionvalores.org\/index.php\/wp-json\/wp\/v2\/tags?post=373"}],"curies":[{"name":"wp","href":"https:\/\/api.w.org\/{rel}","templated":true}]}}