{"id":411,"date":"2024-04-02T17:20:37","date_gmt":"2024-04-02T17:20:37","guid":{"rendered":"https:\/\/fundacionvalores.org\/?p=411"},"modified":"2024-04-02T17:20:37","modified_gmt":"2024-04-02T17:20:37","slug":"a-traves-de-su-mundo-un-viaje-en-el-autismo","status":"publish","type":"post","link":"https:\/\/fundacionvalores.org\/index.php\/2024\/04\/02\/a-traves-de-su-mundo-un-viaje-en-el-autismo\/","title":{"rendered":"\u00abA trav\u00e9s de su mundo: Un viaje en el autismo\u00bb"},"content":{"rendered":"<p>[et_pb_section fb_built=\u00bb1&#8243; theme_builder_area=\u00bbpost_content\u00bb _builder_version=\u00bb4.23&#8243; _module_preset=\u00bbdefault\u00bb][et_pb_row _builder_version=\u00bb4.23&#8243; _module_preset=\u00bbdefault\u00bb theme_builder_area=\u00bbpost_content\u00bb][et_pb_column _builder_version=\u00bb4.23&#8243; _module_preset=\u00bbdefault\u00bb type=\u00bb4_4&#8243; theme_builder_area=\u00bbpost_content\u00bb][et_pb_text _builder_version=\u00bb4.23&#8243; _module_preset=\u00bbdefault\u00bb theme_builder_area=\u00bbpost_content\u00bb hover_enabled=\u00bb0&#8243; sticky_enabled=\u00bb0&#8243;]<\/p>\n<p>En un rinc\u00f3n tranquilo de la ciudad, se encuentra To\u00f1ito, un ni\u00f1o de seis a\u00f1os con una sonrisa tan brillante como el sol de la ma\u00f1ana.\u00a0 To\u00f1ito, tiene autismo, un viaje interno que lo lleva por caminos diferentes a los nuestros, pero igualmente maravillosos.<\/p>\n<p>A trav\u00e9s de sus ojos, vemos un mundo lleno de desaf\u00edos, donde la empat\u00eda y la comprensi\u00f3n son clave. Su viaje en el autismo es un recordatorio de que la diversidad es lo que hace que nuestro mundo sea tan hermoso, y que cada persona, independientemente de sus diferencias, tiene un lugar especial en \u00e9l.<span style=\"font-size: 14px\">\u00a0<\/span><\/p>\n<p>[\/et_pb_text][\/et_pb_column][\/et_pb_row][et_pb_row _builder_version=\u00bb4.23&#8243; _module_preset=\u00bbdefault\u00bb column_structure=\u00bb1_2,1_2&#8243; theme_builder_area=\u00bbpost_content\u00bb min_height=\u00bb285.8px\u00bb][et_pb_column _builder_version=\u00bb4.23&#8243; _module_preset=\u00bbdefault\u00bb type=\u00bb1_2&#8243; theme_builder_area=\u00bbpost_content\u00bb][et_pb_text _builder_version=\u00bb4.23&#8243; _module_preset=\u00bbdefault\u00bb theme_builder_area=\u00bbpost_content\u00bb hover_enabled=\u00bb0&#8243; sticky_enabled=\u00bb0&#8243;]<\/p>\n<p>To\u00f1ito comienza su d\u00eda\u00a0 con la suave luz del amanecer entrando por su ventana, y lo acompa\u00f1a en un mundo lleno de posibilidades. Para \u00e9l, cada d\u00eda es un lienzo en blanco, listo para ser llenado con colores vibrantes y emociones puras. To\u00f1ito ve el mundo de una manera especial. Para \u00e9l, las cosas peque\u00f1as son las m\u00e1s grandes: una hoja que cae lentamente de un \u00e1rbol, el sonido de un p\u00e1jaro cantando en la distancia, o la sensaci\u00f3n reconfortante de un abrazo c\u00e1lido. Cada uno de estos momentos es un tesoro que almacena en su coraz\u00f3n.<\/p>\n<p>[\/et_pb_text][\/et_pb_column][et_pb_column _builder_version=\u00bb4.23&#8243; _module_preset=\u00bbdefault\u00bb type=\u00bb1_2&#8243; theme_builder_area=\u00bbpost_content\u00bb][et_pb_image src=\u00bbhttps:\/\/fundacionvalores.org\/wp-content\/uploads\/2024\/04\/pexels-mikhail-nilov-8654745.jpg\u00bb _builder_version=\u00bb4.23&#8243; _module_preset=\u00bbdefault\u00bb theme_builder_area=\u00bbpost_content\u00bb title_text=\u00bbpexels-mikhail-nilov-8654745&#8243; hover_enabled=\u00bb0&#8243;][\/et_pb_image][\/et_pb_column][\/et_pb_row][et_pb_row _builder_version=\u00bb4.23&#8243; _module_preset=\u00bbdefault\u00bb theme_builder_area=\u00bbpost_content\u00bb][et_pb_column _builder_version=\u00bb4.23&#8243; _module_preset=\u00bbdefault\u00bb type=\u00bb4_4&#8243; theme_builder_area=\u00bbpost_content\u00bb][et_pb_text _builder_version=\u00bb4.23&#8243; _module_preset=\u00bbdefault\u00bb theme_builder_area=\u00bbpost_content\u00bb hover_enabled=\u00bb0&#8243; sticky_enabled=\u00bb0&#8243;]<\/p>\n<p>&nbsp;<\/p>\n<p>A medida que avanza el d\u00eda, To\u00f1ito se sumerge en sus intereses, que son tan \u00fanicos como \u00e9l mismo. Le encanta la m\u00fasica, y cuando escucha una melod\u00eda, su rostro se ilumina con una alegr\u00eda contagiosa. Tambi\u00e9n disfruta armando rompecabezas, encuentra satisfacci\u00f3n en la complejidad y la belleza de cada pieza encajando en su lugar.\u00a0<\/p>\n<p>Pero no todos los aspectos del mundo de To\u00f1ito son f\u00e1ciles. A veces, las luces brillantes y los sonidos fuertes pueden abrumarlo, haciendo que se sienta ansioso y perdido. En esos momentos, su familia y amigos est\u00e1n ah\u00ed para \u00e9l, para guiarlo suavemente de regreso a la calma y la seguridad.<\/p>\n<p>En un d\u00eda como hoy, reflexionemos sobre estos seres especiales y en c\u00f3mo iluminan un mundo tan perturbado por el ruido exterior. Dediquemos un momento a meditar y conectarnos con nuestro YO interior, buscando dentro de nosotros los regalos maravillosos que cada d\u00eda nos ofrece.<\/p>\n<p>&nbsp;<\/p>\n<p>&nbsp;<\/p>\n<p>&nbsp;<\/p>\n<p>\u00a0 \u00a0 \u00a0 \u00a0 \u00a0 \u00a0 \u00a0 \u00a0 \u00a0 \u00a0 \u00a0 \u00a0 \u00a0 \u00a0 \u00a0 \u00a0 \u00a0 \u00a0 \u00a0 \u00a0 \u00a0 \u00a0 \u00a0 \u00a0 \u00a0 \u00a0 \u00a0 \u00a0 \u00a0 \u00a0 \u00a0 \u00a0 \u00a0 \u00a0 \u00a0 \u00a0 \u00a0 \u00a0 \u00a0 \u00a0 \u00a0\u00a1 El Vuelo Contin\u00faa !<\/p>\n<p>[\/et_pb_text][\/et_pb_column][\/et_pb_row][\/et_pb_section][et_pb_section fb_built=\u00bb1&#8243; theme_builder_area=\u00bbpost_content\u00bb _builder_version=\u00bb4.23&#8243; _module_preset=\u00bbdefault\u00bb min_height=\u00bb595px\u00bb][\/et_pb_section]<\/p>\n","protected":false},"excerpt":{"rendered":"<p>En un rinc\u00f3n tranquilo de la ciudad, se encuentra To\u00f1ito, un ni\u00f1o de seis a\u00f1os con una sonrisa tan brillante como el sol de la ma\u00f1ana.\u00a0 To\u00f1ito, tiene autismo, un viaje interno que lo lleva por caminos diferentes a los nuestros, pero igualmente maravillosos. A trav\u00e9s de sus ojos, vemos un mundo lleno de desaf\u00edos, [&hellip;]<\/p>\n","protected":false},"author":3,"featured_media":413,"comment_status":"closed","ping_status":"closed","sticky":false,"template":"","format":"standard","meta":{"_et_pb_use_builder":"on","_et_pb_old_content":"","_et_gb_content_width":"","footnotes":""},"categories":[12],"tags":[33,30],"class_list":["post-411","post","type-post","status-publish","format-standard","has-post-thumbnail","hentry","category-salud","tag-autismo","tag-metas"],"_links":{"self":[{"href":"https:\/\/fundacionvalores.org\/index.php\/wp-json\/wp\/v2\/posts\/411","targetHints":{"allow":["GET"]}}],"collection":[{"href":"https:\/\/fundacionvalores.org\/index.php\/wp-json\/wp\/v2\/posts"}],"about":[{"href":"https:\/\/fundacionvalores.org\/index.php\/wp-json\/wp\/v2\/types\/post"}],"author":[{"embeddable":true,"href":"https:\/\/fundacionvalores.org\/index.php\/wp-json\/wp\/v2\/users\/3"}],"replies":[{"embeddable":true,"href":"https:\/\/fundacionvalores.org\/index.php\/wp-json\/wp\/v2\/comments?post=411"}],"version-history":[{"count":4,"href":"https:\/\/fundacionvalores.org\/index.php\/wp-json\/wp\/v2\/posts\/411\/revisions"}],"predecessor-version":[{"id":424,"href":"https:\/\/fundacionvalores.org\/index.php\/wp-json\/wp\/v2\/posts\/411\/revisions\/424"}],"wp:featuredmedia":[{"embeddable":true,"href":"https:\/\/fundacionvalores.org\/index.php\/wp-json\/wp\/v2\/media\/413"}],"wp:attachment":[{"href":"https:\/\/fundacionvalores.org\/index.php\/wp-json\/wp\/v2\/media?parent=411"}],"wp:term":[{"taxonomy":"category","embeddable":true,"href":"https:\/\/fundacionvalores.org\/index.php\/wp-json\/wp\/v2\/categories?post=411"},{"taxonomy":"post_tag","embeddable":true,"href":"https:\/\/fundacionvalores.org\/index.php\/wp-json\/wp\/v2\/tags?post=411"}],"curies":[{"name":"wp","href":"https:\/\/api.w.org\/{rel}","templated":true}]}}