{"id":469,"date":"2024-08-02T18:20:04","date_gmt":"2024-08-02T18:20:04","guid":{"rendered":"https:\/\/fundacionvalores.org\/?p=469"},"modified":"2024-08-02T18:20:36","modified_gmt":"2024-08-02T18:20:36","slug":"un-vinculo-con-nuestras-raices-y-comunidad","status":"publish","type":"post","link":"https:\/\/fundacionvalores.org\/index.php\/2024\/08\/02\/un-vinculo-con-nuestras-raices-y-comunidad\/","title":{"rendered":"Un V\u00ednculo con nuestras Ra\u00edces y Comunidad"},"content":{"rendered":"<p>[et_pb_section fb_built=\u00bb1&#8243; _builder_version=\u00bb4.23&#8243; _module_preset=\u00bbdefault\u00bb hover_enabled=\u00bb0&#8243; global_colors_info=\u00bb{}\u00bb admin_label=\u00bbSecci\u00f3n\u00bb sticky_enabled=\u00bb0&#8243;][et_pb_row column_structure=\u00bb1_2,1_2&#8243; _builder_version=\u00bb4.23&#8243; _module_preset=\u00bbdefault\u00bb global_colors_info=\u00bb{}\u00bb][et_pb_column type=\u00bb1_2&#8243; _builder_version=\u00bb4.23&#8243; _module_preset=\u00bbdefault\u00bb global_colors_info=\u00bb{}\u00bb][et_pb_text _builder_version=\u00bb4.23&#8243; _module_preset=\u00bbdefault\u00bb global_colors_info=\u00bb{}\u00bb]<\/p>\n<p><strong>Era una ma\u00f1ana brillante de agosto, cuando la ciudad empez\u00f3 a vibrar con una energ\u00eda especial. Las calles, usualmente tranquilas, se llenaron de color, m\u00fasica y risas. Era el inicio de las fiestas patronales, una tradici\u00f3n que nos conecta con nuestras ra\u00edces y fortalece los lazos de nuestra comunidad.<\/strong><\/p>\n<p>Desde ni\u00f1o, siempre me emocionaba esta \u00e9poca del a\u00f1o. Mi abuelo sol\u00eda contarme historias sobre c\u00f3mo estas fiestas eran una oportunidad para celebrar la identidad de nuestro pueblo, y c\u00f3mo cada a\u00f1o nos recordaban lo que realmente significa pertenecer a esta comunidad.<\/p>\n<p>Las fiestas patronales son una manifestaci\u00f3n viva de nuestra historia. Al participar en ellas, sentimos el peso y la importancia de las tradiciones que nos han sido legadas por generaciones pasadas. Desde la procesi\u00f3n solemne hasta los bailes folcl\u00f3ricos, cada evento es un reflejo de nuestras costumbres y creencias. Observar y participar en estas celebraciones es una manera de honrar a aquellos que vinieron antes que nosotros, manteniendo viva su memoria y ense\u00f1anzas.<\/p>\n<p>Uno de los aspectos m\u00e1s conmovedores de las fiestas patronales es c\u00f3mo re\u00fanen a la gente. En estos d\u00edas, las diferencias se difuminan y todos se convierten en part\u00edcipes de una misma alegr\u00eda. Recuerdo ver a vecinos que raramente se hablaban, compartiendo risas y an\u00e9cdotas en la plaza principal. Las fiestas crean un sentido de pertenencia y camarader\u00eda, record\u00e1ndonos que, a pesar de nuestras diferencias, todos formamos parte de la misma comunidad.<\/p>\n<p>Participar en las fiestas patronales tambi\u00e9n nos infunde un profundo sentido de orgullo por nuestra tierra. Es un momento para mostrar al mundo la riqueza de nuestra cultura y nuestras tradiciones. Las calles adornadas, la gastronom\u00eda t\u00edpica, y las actividades culturales son una vitrina de lo mejor que tenemos para ofrecer. Este orgullo no solo nos fortalece como comunidad, sino que tambi\u00e9n nos anima a preservar y promover nuestra herencia cultural.<\/p>\n<p>[\/et_pb_text][\/et_pb_column][et_pb_column type=\u00bb1_2&#8243; _builder_version=\u00bb4.23&#8243; _module_preset=\u00bbdefault\u00bb global_colors_info=\u00bb{}\u00bb][et_pb_text _builder_version=\u00bb4.23&#8243; _module_preset=\u00bbdefault\u00bb global_colors_info=\u00bb{}\u00bb]<\/p>\n<div class=\"flex flex-grow flex-col max-w-full\">\n<div data-message-author-role=\"assistant\" data-message-id=\"412239da-13d3-4c60-b7b5-6dc2a183d28b\" dir=\"auto\" class=\"min-h-[20px] text-message flex w-full flex-col items-end gap-2 whitespace-pre-wrap break-words [.text-message+&amp;]:mt-5 overflow-x-auto\">\n<div class=\"flex w-full flex-col gap-1 empty:hidden first:pt-[3px]\">\n<div class=\"markdown prose w-full break-words dark:prose-invert light\">\n<p>Para m\u00ed, una de las cosas m\u00e1s importantes de las fiestas patronales es el legado que dejamos a las futuras generaciones. Cada ni\u00f1o que participa en los desfiles o aprende las danzas tradicionales, est\u00e1 recibiendo una lecci\u00f3n valiosa sobre sus ra\u00edces. Es nuestra responsabilidad transmitir este amor y respeto por nuestras tradiciones, asegur\u00e1ndonos de que sigan siendo parte integral de nuestra identidad colectiva.<\/p>\n<p>Este a\u00f1o, mientras observaba la procesi\u00f3n desde el mismo lugar donde lo hac\u00eda con mi abuelo, me di cuenta de lo afortunado que soy de formar parte de esta comunidad. Las fiestas patronales no son solo un evento anual, son un recordatorio de qui\u00e9nes somos y de d\u00f3nde venimos. Nos ense\u00f1an valores de uni\u00f3n, respeto, y orgullo que son fundamentales para cualquier sociedad.<\/p>\n<p>Al final del d\u00eda, mientras las luces se apagaban y las \u00faltimas notas de m\u00fasica se desvanec\u00edan, sent\u00ed una profunda gratitud. Las fiestas patronales nos brindan mucho m\u00e1s que entretenimiento; nos dan la oportunidad de reconectarnos con nuestra esencia y fortalecer el esp\u00edritu de comunidad que nos une.<\/p>\n<p>Observar y participar en las fiestas patronales es una experiencia que va m\u00e1s all\u00e1 de la diversi\u00f3n y el festejo. Es una celebraci\u00f3n de nuestras ra\u00edces, una reafirmaci\u00f3n de nuestra identidad y una oportunidad para fortalecer los lazos comunitarios. As\u00ed que, ahora que empezamos estas fechas, recuerda que al sumergirte en tus tradiciones, est\u00e1s participando en algo mucho m\u00e1s grande que t\u00fa mismo: est\u00e1s contribuyendo a mantener viva la esencia de tu comunidad.<\/p>\n<p>&nbsp;<\/p>\n<p>&nbsp;<\/p>\n<p>&nbsp;<\/p>\n<p>\u00a0 \u00a0 \u00a0 \u00a0 \u00a0 \u00a0 \u00bb\u00a0 El\u00a0 \u00a0 Vuelo\u00a0 \u00a0 \u00a0Continua\u00a0 \u00a0\u00ab<\/p>\n<p>&nbsp;<\/p>\n<\/div>\n<\/div>\n<\/div>\n<\/div>\n<div class=\"mt-1 flex gap-3 empty:hidden -ml-2\">\n<div class=\"items-center justify-start rounded-xl p-1 flex\">\n<div class=\"flex items-center\">\n<p><span class=\"\" data-state=\"closed\"><button class=\"rounded-lg text-token-text-secondary hover:bg-token-main-surface-secondary\"><span class=\"flex h-[30px] w-[30px] items-center justify-center\"><\/span><\/button><\/span><span class=\"\" data-state=\"closed\"><button class=\"rounded-lg text-token-text-secondary hover:bg-token-main-surface-secondary\"><span class=\"flex h-[30px] w-[30px] items-center justify-center\"><\/span><\/button><\/span><span class=\"\" data-state=\"closed\"><button class=\"rounded-lg text-token-text-secondary hover:bg-token-main-surface-secondary\"><span class=\"flex h-[30px] w-[30px] items-center justify-center\"><\/span><\/button><\/span><\/p>\n<div class=\"flex\"><span class=\"\" data-state=\"closed\"><button class=\"rounded-lg text-token-text-secondary hover:bg-token-main-surface-secondary\"><span class=\"flex h-[30px] w-[30px] items-center justify-center\"><\/span><\/button><\/span><\/div>\n<div class=\"flex items-center pb-0\">\n<div class=\"[&amp;_svg]:h-full [&amp;_svg]:w-full icon-md h-4 w-4\"><\/div>\n<p><span class=\"overflow-hidden text-clip whitespace-nowrap text-sm\">4o<\/span><\/p>\n<\/div>\n<\/div>\n<\/div>\n<\/div>\n<p>[\/et_pb_text][\/et_pb_column][\/et_pb_row][\/et_pb_section]<\/p>\n","protected":false},"excerpt":{"rendered":"<p>Era una ma\u00f1ana brillante de agosto, cuando la ciudad empez\u00f3 a vibrar con una energ\u00eda especial. Las calles, usualmente tranquilas, se llenaron de color, m\u00fasica y risas. Era el inicio de las fiestas patronales, una tradici\u00f3n que nos conecta con nuestras ra\u00edces y fortalece los lazos de nuestra comunidad. Desde ni\u00f1o, siempre me emocionaba esta [&hellip;]<\/p>\n","protected":false},"author":3,"featured_media":472,"comment_status":"open","ping_status":"open","sticky":false,"template":"","format":"standard","meta":{"_et_pb_use_builder":"on","_et_pb_old_content":"","_et_gb_content_width":"","footnotes":""},"categories":[11],"tags":[6,7,22],"class_list":["post-469","post","type-post","status-publish","format-standard","has-post-thumbnail","hentry","category-educacion","tag-educacion","tag-formacion","tag-valores"],"_links":{"self":[{"href":"https:\/\/fundacionvalores.org\/index.php\/wp-json\/wp\/v2\/posts\/469","targetHints":{"allow":["GET"]}}],"collection":[{"href":"https:\/\/fundacionvalores.org\/index.php\/wp-json\/wp\/v2\/posts"}],"about":[{"href":"https:\/\/fundacionvalores.org\/index.php\/wp-json\/wp\/v2\/types\/post"}],"author":[{"embeddable":true,"href":"https:\/\/fundacionvalores.org\/index.php\/wp-json\/wp\/v2\/users\/3"}],"replies":[{"embeddable":true,"href":"https:\/\/fundacionvalores.org\/index.php\/wp-json\/wp\/v2\/comments?post=469"}],"version-history":[{"count":6,"href":"https:\/\/fundacionvalores.org\/index.php\/wp-json\/wp\/v2\/posts\/469\/revisions"}],"predecessor-version":[{"id":480,"href":"https:\/\/fundacionvalores.org\/index.php\/wp-json\/wp\/v2\/posts\/469\/revisions\/480"}],"wp:featuredmedia":[{"embeddable":true,"href":"https:\/\/fundacionvalores.org\/index.php\/wp-json\/wp\/v2\/media\/472"}],"wp:attachment":[{"href":"https:\/\/fundacionvalores.org\/index.php\/wp-json\/wp\/v2\/media?parent=469"}],"wp:term":[{"taxonomy":"category","embeddable":true,"href":"https:\/\/fundacionvalores.org\/index.php\/wp-json\/wp\/v2\/categories?post=469"},{"taxonomy":"post_tag","embeddable":true,"href":"https:\/\/fundacionvalores.org\/index.php\/wp-json\/wp\/v2\/tags?post=469"}],"curies":[{"name":"wp","href":"https:\/\/api.w.org\/{rel}","templated":true}]}}